{"id":14487,"date":"2023-11-08T17:08:17","date_gmt":"2023-11-08T16:08:17","guid":{"rendered":"https:\/\/dev.horvathkaroly.hu\/promedicalcenter\/?p=14487"},"modified":"2023-11-19T17:37:18","modified_gmt":"2023-11-19T16:37:18","slug":"cele-mai-importante-trei-valori","status":"publish","type":"post","link":"https:\/\/promedicalcenter.ro\/hu\/cele-mai-importante-trei-valori\/","title":{"rendered":"A h\u00e1rom legfontosabb \u00e9rt\u00e9k"},"content":{"rendered":"<div data-elementor-type=\"wp-post\" data-elementor-id=\"14487\" class=\"elementor elementor-14487\">\n\t\t\t\t\t\t\t        <section class=\"elementor-section elementor-top-section elementor-element elementor-element-12a8fcc post elementor-section-boxed elementor-section-height-default elementor-section-height-default\" data-id=\"12a8fcc\" data-element_type=\"section\" data-no-translation=\"\">\r\n\t\t\r\n\t\t        <div class=\"elementor-container elementor-column-gap-default\" >\r\n\t\t        <div class=\"elementor-column elementor-col-100 elementor-top-column elementor-element elementor-element-ef03ff0\" data-id=\"ef03ff0\" data-element_type=\"column\">\r\n        <div class=\"elementor-widget-wrap elementor-element-populated\">\r\n                        \t\t<div class=\"elementor-element elementor-element-3d64a69 elementor-widget elementor-widget-text-editor\" data-id=\"3d64a69\" data-element_type=\"widget\" data-widget_type=\"text-editor.default\">\n\t\t\t\t<div class=\"elementor-widget-container\">\n\t\t\t\t\t\t\t<h4>V\u00e9rnyom\u00e1s, v\u00e9rcukor \u00e9s a koleszterinszint, avagy az eg\u00e9szs\u00e9g h\u00e1rom legfontosabb \u00e9rt\u00e9km\u00e9r\u0151je.<\/h4><p>Mit kell \u00e9s \u00e9rdemes tudni ezekr\u0151l az \u00e9rt\u00e9kekr\u0151l annak \u00e9rdek\u00e9ben, hogy meg\u00e9rts\u00fck a labor eredm\u00e9nyeinket?\u00a0<\/p><h4>V\u00e9rnyom\u00e1s c\u00e9l\u00e9rt\u00e9kek<\/h4><p>A v\u00e9rnyom\u00e1s m\u00e9rt\u00e9kegys\u00e9ge a higanymillim\u00e9ter (Hgmm), m\u00e9r\u00e9skor pedig k\u00e9t \u00e9rt\u00e9ket vizsg\u00e1lunk.<\/p><ul><li aria-level=\"1\">Szisztol\u00e9s v\u00e9rnyom\u00e1s &#8211; azt a nyom\u00e1st mutatja a kar f\u0151 art\u00e9ri\u00e1j\u00e1ban, ami a sz\u00edv \u00f6sszeh\u00faz\u00f3d\u00e1sakor alakul ki.<\/li><li aria-level=\"1\">Diasztol\u00e9s v\u00e9rnyom\u00e1s &#8211; a sz\u00edvver\u00e9sek k\u00f6zti sz\u00fcnetben m\u00e9rhet\u0151 nyom\u00e1st mutatja.<\/li><\/ul><p><img decoding=\"async\" class=\"alignnone size-full wp-image-14773\" src=\"https:\/\/promedicalcenter.ro\/wp-content\/uploads\/2023\/11\/AP-fb-2023-februar-1-post-1.jpeg\" alt=\"\" width=\"480\" height=\"480\" srcset=\"https:\/\/promedicalcenter.ro\/wp-content\/uploads\/2023\/11\/AP-fb-2023-februar-1-post-1.jpeg 480w, https:\/\/promedicalcenter.ro\/wp-content\/uploads\/2023\/11\/AP-fb-2023-februar-1-post-1-300x300.jpeg 300w, https:\/\/promedicalcenter.ro\/wp-content\/uploads\/2023\/11\/AP-fb-2023-februar-1-post-1-100x100.jpeg 100w, https:\/\/promedicalcenter.ro\/wp-content\/uploads\/2023\/11\/AP-fb-2023-februar-1-post-1-150x150.jpeg 150w, https:\/\/promedicalcenter.ro\/wp-content\/uploads\/2023\/11\/AP-fb-2023-februar-1-post-1-12x12.jpeg 12w\" sizes=\"(max-width: 480px) 100vw, 480px\" \/><\/p><p>Hogy mi a magas v\u00e9rnyom\u00e1s, az sokszor orvosok \u00e9s orsz\u00e1gok k\u00f6z\u00f6tt is elt\u00e9r\u0151 v\u00e9lem\u00e9nyeket sz\u00fcl, de az egys\u00e9ges nemzetk\u00f6zi aj\u00e1nl\u00e1sok alapj\u00e1n 140\/90 Hgmm f\u00f6l\u00f6tt tekintj\u00fck a v\u00e9rnyom\u00e1st magasnak (ez a hipert\u00f3nia). 18\u201365 \u00e9v k\u00f6z\u00f6tti \u00e9letkorban a v\u00e9rnyom\u00e1s c\u00e9l\u00e9rt\u00e9k &lt;130\/80 Hgmm, de id\u0151s betegekn\u00e9l (&gt; 65 \u00e9v) a nemzetk\u00f6zi aj\u00e1nl\u00e1s ett\u0151l elt\u00e9r\u0151 c\u00e9l\u00e9rt\u00e9ket hat\u00e1roz meg: 130\u2013139\/70\u201379 Hgmm. Ezeket a c\u00e9l\u00e9rt\u00e9keket az \u00e9letkor mellett az egyes t\u00e1rsbetegs\u00e9gek befoly\u00e1solhatj\u00e1k m\u00e9g. Egy m\u00e1sik cikk\u00fcnkben fogunk arr\u00f3l sz\u00f3lni p\u00e1r sz\u00f3t, hogy mit okozhat a magas v\u00e9rnyom\u00e1s, ha nem kezelik.\u00a0<\/p><p>A v\u00e9rnyom\u00e1s kateg\u00f3ri\u00e1kat az al\u00e1bbi \u00e1bra szeml\u00e9lteti.\u00a0<\/p><p><img decoding=\"async\" class=\"alignnone wp-image-14497 size-full\" src=\"https:\/\/promedicalcenter.ro\/wp-content\/uploads\/2023\/11\/2-cikk-1abra-HU.png\" alt=\"\" width=\"2500\" height=\"1086\" srcset=\"https:\/\/promedicalcenter.ro\/wp-content\/uploads\/2023\/11\/2-cikk-1abra-HU.png 2500w, https:\/\/promedicalcenter.ro\/wp-content\/uploads\/2023\/11\/2-cikk-1abra-HU-900x391.png 900w, https:\/\/promedicalcenter.ro\/wp-content\/uploads\/2023\/11\/2-cikk-1abra-HU-300x130.png 300w, https:\/\/promedicalcenter.ro\/wp-content\/uploads\/2023\/11\/2-cikk-1abra-HU-1024x445.png 1024w, https:\/\/promedicalcenter.ro\/wp-content\/uploads\/2023\/11\/2-cikk-1abra-HU-768x334.png 768w, https:\/\/promedicalcenter.ro\/wp-content\/uploads\/2023\/11\/2-cikk-1abra-HU-1536x667.png 1536w, https:\/\/promedicalcenter.ro\/wp-content\/uploads\/2023\/11\/2-cikk-1abra-HU-2048x890.png 2048w, https:\/\/promedicalcenter.ro\/wp-content\/uploads\/2023\/11\/2-cikk-1abra-HU-18x8.png 18w\" sizes=\"(max-width: 2500px) 100vw, 2500px\" \/><\/p><h4>V\u00e9rcukor c\u00e9l\u00e9rt\u00e9kek<\/h4><p>A v\u00e9rcukorszint alatt a v\u00e9rplazm\u00e1ban adott pillanatban megm\u00e9rt, meghat\u00e1rozott v\u00e9rcukor mennyis\u00e9g\u00e9t \u00e9rtj\u00fck.\u00a0<\/p><p><img decoding=\"async\" class=\"alignnone size-full wp-image-14774\" src=\"https:\/\/promedicalcenter.ro\/wp-content\/uploads\/2023\/11\/AP-fb-2023-februar-1-post-2.jpeg\" alt=\"\" width=\"480\" height=\"480\" srcset=\"https:\/\/promedicalcenter.ro\/wp-content\/uploads\/2023\/11\/AP-fb-2023-februar-1-post-2.jpeg 480w, https:\/\/promedicalcenter.ro\/wp-content\/uploads\/2023\/11\/AP-fb-2023-februar-1-post-2-300x300.jpeg 300w, https:\/\/promedicalcenter.ro\/wp-content\/uploads\/2023\/11\/AP-fb-2023-februar-1-post-2-100x100.jpeg 100w, https:\/\/promedicalcenter.ro\/wp-content\/uploads\/2023\/11\/AP-fb-2023-februar-1-post-2-150x150.jpeg 150w, https:\/\/promedicalcenter.ro\/wp-content\/uploads\/2023\/11\/AP-fb-2023-februar-1-post-2-12x12.jpeg 12w\" sizes=\"(max-width: 480px) 100vw, 480px\" \/><\/p><p>Ezeket a vizsg\u00e1latokat laborban v\u00e9gzik, n\u00e9zz\u00fck meg h\u00e1ny f\u00e9le vizsg\u00e1lat lehets\u00e9ges:\u00a0<\/p><ul><li aria-level=\"1\">HbA1c\u00a0azaz\u00a0hemoglobin\u00a0A1c vizsg\u00e1lat \u2013 ez azt mutatja meg, hogy milyen volt az \u00e1tlagos v\u00e9rcukorszintje az ut\u00f3bbi 3 h\u00f3napban<\/li><li aria-level=\"1\">V\u00e9rcukorszint vizsg\u00e1lat \u2013 m\u00e9rt\u00e9kegys\u00e9ge a mmol\/Liter, vagy mg\/deciliter<\/li><li aria-level=\"1\">\u00c9hgyomri v\u00e9rcukorszint \u2013 legal\u00e1bb 12 \u00f3r\u00e1s \u00e9hez\u00e9st k\u00f6vet\u0151en m\u00e9rt v\u00e9rcukorszint<\/li><li aria-level=\"1\">\u00c9tkez\u00e9s ut\u00e1ni v\u00e9rcukorszint \u2013 Ezt a tesztet leggyakrabban a betegs\u00e9g gondoz\u00e1sa sor\u00e1n alkalmazz\u00e1k. 1,5-2 \u00f3r\u00e1val \u00e9tkez\u00e9s ut\u00e1n kell m\u00e9rni.<\/li><li aria-level=\"1\">Or\u00e1lis\u00a0gl\u00fck\u00f3z-tolerancia teszt (OGTT): E vizsg\u00e1lat sor\u00e1n a v\u00e9rcukorszintet egy speci\u00e1lis cukor oldat elfogyaszt\u00e1sa el\u0151tt \u00e9s 2 \u00f3r\u00e1val ut\u00e1na m\u00e9rik.\u00a0 \u00a0 \u00a0 \u00a0 \u00a0 \u00a0 \u00a0 \u00a0 \u00a0 \u00a0 \u00a0 \u00a0 \u00a0 \u00a0 \u00a0 \u00a0 \u00a0 \u00a0 \u00a0 \u00a0 \u00a0 \u00a0 \u00a0\u00a0<\/li><\/ul><p>A 2-es \u00e1bra mutatja azokat a v\u00e9rcukor hat\u00e1r\u00e9rt\u00e9keket, amiket \u00e9rdemes megjegyezni. A hat\u00e1rt\u00e9rt\u00e9ket meghalad\u00f3 v\u00e9rcukorszint kezel\u00e9se mindig egy\u00e9nre szabott, hiszen a kezel\u0151orvosnak figyelembe kell vennie az \u00e9letkort, az egy\u00e9b t\u00e1rsbetegs\u00e9geket \u00e9s m\u00e9g sz\u00e1mtalan egy\u00e9b szempontot.<\/p><p>Ha tov\u00e1bbi inform\u00e1ci\u00f3kra k\u00edv\u00e1ncsi a cukorbetegs\u00e9ggel kapcsolatban, akkor egy m\u00e1sik cikk\u00fcnkben ezt betegs\u00e9get is bemutatjuk.\u00a0\u00a0<\/p><p>V\u00e9rcukor c\u00e9l\u00e9rt\u00e9k kateg\u00f3ri\u00e1kat az al\u00e1bbi t\u00e1bl\u00e1zat mutatja:\u00a0<\/p><p>V\u00e9rcukor c\u00e9l\u00e9rt\u00e9k kateg\u00f3ri\u00e1kat az al\u00e1bbi t\u00e1bl\u00e1zat mutatja. Ezeket a javasolt v\u00e9rcukorszint tartom\u00e1nyokat \u201cc\u00e9l\u00e9rt\u00e9keknek\u201d nevezik. Az \u00d6n szem\u00e9lyes c\u00e9l\u00e9rt\u00e9ke enn\u00e9l magasabb vagy alacsonyabb is lehet. Az eg\u00e9szs\u00e9g\u00fcgyi szem\u00e9lyzet seg\u00edt meg\u00e1llap\u00edtani azt a v\u00e9rcukor-c\u00e9l\u00e9rt\u00e9ket, amely megfelel\u0151 \u00d6nnek. Fontos, hogy cukorbetegs\u00e9ge sikeres kezel\u00e9se \u00e9rdek\u00e9ben a v\u00e9rcukorszintje a norm\u00e1lishoz k\u00f6zel\u00edtsen. Az itt felt\u00fcntetett \u00e9rt\u00e9kek laborat\u00f3riumi m\u00e9r\u00e9sekre vonatkoznak.<\/p><p><img decoding=\"async\" class=\"alignnone size-full wp-image-14498\" src=\"https:\/\/promedicalcenter.ro\/wp-content\/uploads\/2023\/11\/2-cikk-2abra-HU.png\" alt=\"\" width=\"2500\" height=\"1532\" srcset=\"https:\/\/promedicalcenter.ro\/wp-content\/uploads\/2023\/11\/2-cikk-2abra-HU.png 2500w, https:\/\/promedicalcenter.ro\/wp-content\/uploads\/2023\/11\/2-cikk-2abra-HU-900x552.png 900w, https:\/\/promedicalcenter.ro\/wp-content\/uploads\/2023\/11\/2-cikk-2abra-HU-300x184.png 300w, https:\/\/promedicalcenter.ro\/wp-content\/uploads\/2023\/11\/2-cikk-2abra-HU-1024x628.png 1024w, https:\/\/promedicalcenter.ro\/wp-content\/uploads\/2023\/11\/2-cikk-2abra-HU-768x471.png 768w, https:\/\/promedicalcenter.ro\/wp-content\/uploads\/2023\/11\/2-cikk-2abra-HU-1536x941.png 1536w, https:\/\/promedicalcenter.ro\/wp-content\/uploads\/2023\/11\/2-cikk-2abra-HU-2048x1255.png 2048w, https:\/\/promedicalcenter.ro\/wp-content\/uploads\/2023\/11\/2-cikk-2abra-HU-18x12.png 18w\" sizes=\"(max-width: 2500px) 100vw, 2500px\" \/><\/p><p>Ha tov\u00e1bbi inform\u00e1ci\u00f3kra k\u00edv\u00e1ncsi a cukorbetegs\u00e9ggel kapcsolatban, akkor egy m\u00e1sik cikk\u00fcnkben ezt betegs\u00e9get is bemutatjuk.<\/p><h4>Koleszterin c\u00e9l\u00e9rt\u00e9tek<\/h4><p>A v\u00e9rzs\u00edrok v\u00e9rben val\u00f3 megjelen\u00e9s\u00e9t a koleszterinszint jellemzi. A laborvizsg\u00e1latok sor\u00e1n leggyakrabban az al\u00e1bbiakat vizsg\u00e1lj\u00e1k:<\/p><ul><li aria-level=\"1\">LDL-koleszterin: alacsony s\u0171r\u0171s\u00e9g\u0171 koleszterin, \u201erossz\u201d koleszterin.<\/li><li aria-level=\"1\">HDL-koleszterin: nagy s\u0171r\u0171s\u00e9g\u0171 koleszterin, \u201ej\u00f3\u201d koleszterin<\/li><\/ul><p><img decoding=\"async\" class=\"alignnone size-full wp-image-14775\" src=\"https:\/\/promedicalcenter.ro\/wp-content\/uploads\/2023\/11\/AP-fb-2023-februar-1-post-3.jpeg\" alt=\"\" width=\"480\" height=\"480\" srcset=\"https:\/\/promedicalcenter.ro\/wp-content\/uploads\/2023\/11\/AP-fb-2023-februar-1-post-3.jpeg 480w, https:\/\/promedicalcenter.ro\/wp-content\/uploads\/2023\/11\/AP-fb-2023-februar-1-post-3-300x300.jpeg 300w, https:\/\/promedicalcenter.ro\/wp-content\/uploads\/2023\/11\/AP-fb-2023-februar-1-post-3-100x100.jpeg 100w, https:\/\/promedicalcenter.ro\/wp-content\/uploads\/2023\/11\/AP-fb-2023-februar-1-post-3-150x150.jpeg 150w, https:\/\/promedicalcenter.ro\/wp-content\/uploads\/2023\/11\/AP-fb-2023-februar-1-post-3-12x12.jpeg 12w\" sizes=\"(max-width: 480px) 100vw, 480px\" \/><\/p><p>A koleszterin \u00e9rt\u00e9k\u00e9t sz\u00e1mos t\u00e9nyez\u0151 befoly\u00e1solja. \u00a0Ezek alapj\u00e1n kock\u00e1zati kateg\u00f3ri\u00e1kat hat\u00e1roznak meg. A 3. \u00e1br\u00e1n \u00f6sszefoglaltuk az egyes kock\u00e1zati kateg\u00f3ri\u00e1khoz tartoz\u00f3 hat\u00e1r\u00e9rt\u00e9keket.<\/p><p><img decoding=\"async\" class=\"alignnone size-full wp-image-14499\" src=\"https:\/\/promedicalcenter.ro\/wp-content\/uploads\/2023\/11\/2-cikk-3-abra-HU.png\" alt=\"\" width=\"2500\" height=\"1799\" srcset=\"https:\/\/promedicalcenter.ro\/wp-content\/uploads\/2023\/11\/2-cikk-3-abra-HU.png 2500w, https:\/\/promedicalcenter.ro\/wp-content\/uploads\/2023\/11\/2-cikk-3-abra-HU-900x648.png 900w, https:\/\/promedicalcenter.ro\/wp-content\/uploads\/2023\/11\/2-cikk-3-abra-HU-300x216.png 300w, https:\/\/promedicalcenter.ro\/wp-content\/uploads\/2023\/11\/2-cikk-3-abra-HU-1024x737.png 1024w, https:\/\/promedicalcenter.ro\/wp-content\/uploads\/2023\/11\/2-cikk-3-abra-HU-768x553.png 768w, https:\/\/promedicalcenter.ro\/wp-content\/uploads\/2023\/11\/2-cikk-3-abra-HU-1536x1105.png 1536w, https:\/\/promedicalcenter.ro\/wp-content\/uploads\/2023\/11\/2-cikk-3-abra-HU-2048x1474.png 2048w, https:\/\/promedicalcenter.ro\/wp-content\/uploads\/2023\/11\/2-cikk-3-abra-HU-18x12.png 18w\" sizes=\"(max-width: 2500px) 100vw, 2500px\" \/><\/p><h4>Mi\u00e9rt k\u00e1ros a tart\u00f3san magas v\u00e9rcukor-, v\u00e9rnyom\u00e1s-, vagy koleszterinszint<\/h4><p>Sokan azt gondolj\u00e1k, hogy egy kicsivel magasabb \u00e9rt\u00e9k m\u00e9g nem probl\u00e9ma. A tart\u00f3san magas v\u00e9rnyom\u00e1s-, v\u00e9rcukor- \u00e9s v\u00e9rzs\u00edr\u00e9rt\u00e9kek legnagyobb vesz\u00e9lye azonban az, hogy sok\u00e1ig l\u00e9nyeg\u00e9ben semmilyen t\u00fcnetet nem okoznak. A sok \u00e9vig fenn\u00e1ll\u00f3 rendellenes \u00e9rt\u00e9kek azonban k\u00e1ros\u00edt\u00f3 hat\u00e1sukat sajnos m\u00e1r az els\u0151 pillanatt\u00f3l kezdve kifejtik. A k\u00e9s\u0151bbiek sor\u00e1n pedig sz\u00e1mos betegs\u00e9get okozhatnak (pl.: sz\u00edvinfarktus, stroke als\u00f3 v\u00e9gtagi \u00e9rbetegs\u00e9gek,\u00a0sz\u00edvel\u00e9gtelens\u00e9g, vesebetegs\u00e9g,\u00a0plakk-k\u00e9pz\u0151d\u00e9s a k\u00fcl\u00f6nb\u00f6z\u0151 erekben, vaks\u00e1g, amput\u00e1ci\u00f3t eredm\u00e9nyez\u0151 \u00e9relmeszesed\u00e9s stb.\u00a0<\/p><h4>Mi a helyzet, ha valakinek t\u00fal alacsonyak az \u00e9rt\u00e9kei? Az alacsony v\u00e9rnyom\u00e1ssal\/v\u00e9rcukorszinttel\/koleszterinnel van-e teend\u0151?<\/h4><p>A t\u00fal alacsony \u00e9rt\u00e9kek a v\u00e9rnyom\u00e1s, illetve a v\u00e9rcukor eset\u00e9ben jelenthetnek probl\u00e9m\u00e1t \u00e9s\u00a0 okozhatnak t\u00fcneteket. Az alacsony v\u00e9rnyom\u00e1s sz\u00e9d\u00fcl\u00e9ssel, fejf\u00e1j\u00e1ssal, s\u00falyos esetben \u00e1tmeneti \u00e1jul\u00e1ssal, eszm\u00e9letlen \u00e1llapottal j\u00e1rhat, m\u00edg alacsony v\u00e9rcukorszint eset\u00e9n a szervezet figyelmeztet\u0151 jelek sorozat\u00e1t ind\u00edtja el: k\u00ednz\u00f3 \u00e9hs\u00e9g\u00e9rz\u00e9s jelentkezhet, sz\u00edvdobog\u00e1s \u00e9rz\u00e9s, izzad\u00e1s, remeg\u00e9s k\u00eds\u00e9ret\u00e9ben. Ekkor idegess\u00e9g \u00e9s ingerl\u00e9kenys\u00e9g is kialakulhat. Ha ekkor a cukorbeteg nem tud sz\u00e9nhidr\u00e1t tartalm\u00fa \u00e9tet fogyasztani, a panaszok s\u00falyosbodhatnak. Fejf\u00e1j\u00e1s, sz\u00e9d\u00fcl\u00e9s, a koncentr\u00e1l\u00f3k\u00e9pess\u00e9g roml\u00e1sa, majd zavarts\u00e1g l\u00e9p fel. S\u00falyos \u00e1llapotban g\u00f6rcs\u00f6k \u00e9s k\u00f3ma is kialakulhat. Ha valaki ilyesmit tapasztal, s\u00fcrg\u0151sen k\u00e9rjen seg\u00edts\u00e9get m\u00e1r a t\u00fcnetek kezdeti szakasz\u00e1ban.<\/p><p>A v\u00e9rzs\u00edrok eset\u00e9ben \u00e9pp ellenkez\u0151 a helyzet. Nemzetk\u00f6zi tanulm\u00e1nyokb\u00f3l azt tudhatjuk meg, hogy min\u00e9l alacsonyabb ez az \u00e9rt\u00e9k, ann\u00e1l kisebb az es\u00e9ly a sz\u00edv- \u00e9s \u00e9rrendszeri megbeteged\u00e9sekre.<\/p><h4>Ki ellen\u0151rzi, illetve kezdem\u00e9nyezi a vizsg\u00e1latokat a h\u00e1ziorvos vagy a szakorvos?<\/h4><p>Az ellen\u0151rz\u00e9s t\u00f6bbszint\u0171 feladat. Nagyon fontos a h\u00e1ziorvos szerepe, mivel a betegek el\u0151sz\u00f6r legink\u00e1bb hozz\u00e1juk fordulnak eg\u00e9szs\u00e9g\u00fcgyi probl\u00e9m\u00e1ikkal. \u00c1ltal\u00e1ban a h\u00e1ziorvos kezdem\u00e9nyezi a k\u00fcl\u00f6nb\u00f6z\u0151 vizsg\u00e1latokat, \u00e9s sokszor ezen a szinten is megoldhat\u00f3 a c\u00e9l\u00e9rt\u00e9kek el\u00e9r\u00e9se. Amennyiben ez m\u00e9gsem siker\u00fclne, beutalja a beteget a megfelel\u0151 szakorvoshoz. A beteg hossz\u00fa t\u00e1v\u00fa k\u00f6vet\u00e9se a h\u00e1ziorvos \u00e9s a szakorvos egy\u00fcttm\u0171k\u00f6d\u00e9s\u00e9t ig\u00e9nyelheti.<\/p><h4>Mit tegy\u00fcnk, ha a labor\u00e9rt\u00e9keink nem ide\u00e1lisak?<\/h4><ul><li aria-level=\"1\">A hat\u00e1r\u00e9rt\u00e9keket kiss\u00e9 meghalad\u00f3 elt\u00e9r\u00e9sek eset\u00e9n pl. kiss\u00e9 emelkedett koleszterin, vagy v\u00e9rcukorszint eset\u00e9n legel\u0151sz\u00f6r \u00e9letm\u00f3d-v\u00e1ltoztat\u00e1st kell ind\u00edtani. T\u00f6bb testmozg\u00e1s, di\u00e9t\u00e1s \u00e9trend.<\/li><li aria-level=\"1\">Ha testmozg\u00e1s \u00e9s a di\u00e9ta sem hozza meg az \u00e9rt\u00e9kek javul\u00e1s\u00e1t, a kezel\u0151orvos \u00e1ltal\u00e1ban gy\u00f3gyszeres ter\u00e1pi\u00e1t javasol, azonban a megkezdett \u00e9letm\u00f3dbeli v\u00e1ltoztat\u00e1sokat ekkor is tartsuk meg!\u00a0\u00a0<\/li><li aria-level=\"1\">Vannak olyan \u00e1llapotok (pl. 180\/110 Hgmm-t meghalad\u00f3 v\u00e9rnyom\u00e1s, vagy 8-8,5%-ot meghalad\u00f3\u00a0HbA1c-\u00e9rt\u00e9k), amelyekben azonnali gy\u00f3gyszeres kezel\u00e9sre van sz\u00fcks\u00e9g.\u00a0<\/li><li aria-level=\"1\">A c\u00e9l\u00e9rt\u00e9keket gyakran csak hosszadalmas folyamatot k\u00f6vet\u0151en tudjuk el\u00e9rni, ez\u00e9rt a laborvizsg\u00e1latokat rendszeresen ism\u00e9telj\u00fck!<\/li><li aria-level=\"1\">Az orvos \u00e1ltal javasolt gy\u00f3gyszereket az el\u0151\u00edr\u00e1soknak megfelel\u0151en szedj\u00fck! Ha nem is \u00e9rz\u00fcnk azonnali v\u00e1ltoz\u00e1st, ne cs\u00fcggedj\u00fcnk! A\u00a0ter\u00e1pia\u00a0hossz\u00fat\u00e1von fejti ki pozit\u00edv hat\u00e1sait.<\/li><\/ul><h4>Forr\u00e1s:\u00a0<\/h4><p>(1) A Magyar Hypertonia T\u00e1rsas\u00e1g szakmai ir\u00e1nyelve, A hypertoniabetegs\u00e9g ell\u00e1t\u00e1s\u00e1nak ir\u00e1nyelvei, Hypertonia \u00e9s Nephrologia 2018;22(S5):1\u201336.<\/p><p>(2) Williams B, Mancia G, Spiering W, et al. 2018 ESC\/ESH Guidelines for the management of arterial hypertension [published correction appears in Eur Heart J. 2019 Feb 1;40(5):475]. Eur Heart J. 2018;39(33):3021\u20103104. doi:10.1093\/eurheartj\/ehy339.<\/p><p>(3) 2020. E\u00fcK. 12. sz\u00e1m EMMI ir\u00e1nyelv. Az Emberi Er\u0151forr\u00e1sok Miniszt\u00e9riuma eg\u00e9szs\u00e9g\u00fcgyi szakmai ir\u00e1nyelve a diabetes mellitus k\u00f3rism\u00e9z\u00e9s\u00e9r\u0151l, a cukorbetegek antihyperglykaemi\u00e1s kezel\u00e9s\u00e9r\u0151l \u00e9s gondoz\u00e1s\u00e1r\u00f3l feln\u0151ttkorban, hat\u00e1lyos: 2020.07.16- 2024. 05. 15.<\/p><p>(4) Mach F, Baigent C, Catapano AL, et al. 2019 ESC\/EAS Guidelines for the management of dyslipidaemias: lipid modification to reduce cardiovascular risk. Eur Heart J. 2020;41(1):111-188. doi:10.1093\/eurheartj\/ehz455.<\/p><p>(5) Piepoli MF, Hoes AW, Agewall S, et al. 2016 European Guidelines on cardiovascular disease prevention in clinical practice: The Sixth Joint Task Force of the European Society of Cardiology and Other Societies on Cardiovascular Disease Prevention in Clinical Practice (constituted by representatives of 10 societies and by invited experts) Developed with the special contribution of the European Association for Cardiovascular Prevention &amp; Rehabilitation (EACPR). Eur Heart J. 2016;37(29):2315-2381. doi:10.1093\/eurheartj\/ehw106.<\/p><p>(6) Mayo Clinic Staff. Low blood pressure (hypotension) \u2013 Symptoms &amp; Causes. Available at:\u00a0<a href=\"https:\/\/www.mayoclinic.org\/diseases-conditions\/low-blood-pressure\/symptoms-causes\/syc-20355465\">https:\/\/www.mayoclinic.org\/diseases-conditions\/low-blood-pressure\/symptoms-causes\/syc-20355465<\/a>\u00a0[accessed 15 June 2020].<\/p><p>(7) Kalra S, Mukherjee JJ, Venkataraman S, et al. Hypoglycemia: The neglected complication. Indian J Endocrinol Metab. 2013;17(5):819\u2010834. doi:10.4103\/2230-8210.117219.<\/p><p>(8) VIII. Magyar Kardiovaszkul\u00e1ris Konszenzus Konferencia aj\u00e1nl\u00e1sa:\u00a0<a href=\"http:\/\/metabolizmusonline.hu\/images\/upload\/file\/DOCS\/kardio_konszenzus_2020_tablazat.pdf\">http:\/\/metabolizmusonline.hu\/images\/upload\/file\/DOCS\/kardio_konszenzus_2020_tablazat.pdf<\/a>\u00a0(2022.02.03.)<\/p><p>(9) Magyar Diabetes T\u00e1rsas\u00e1g T\u00e9nyek a cukorbetegs\u00e9gr\u0151l (2022.04.14.):\u00a0<a href=\"http:\/\/www.diabet.hu\/info.aspx?web_id=&amp;sp=161\">http:\/\/www.diabet.hu\/info.aspx?web_id=&amp;sp=161<\/a><\/p><p>(10) Magyar Diabetes T\u00e1rsas\u00e1g T\u00e9nyek a cukorbetegs\u00e9gr\u0151l. A v\u00e9rcukorszint \u00e9s ellen\u0151rz\u00e9se (2022.05.04.):\u00a0<a href=\"http:\/\/www.diabet.hu\/info.aspx?web_id=&amp;sp=167\">http:\/\/www.diabet.hu\/info.aspx?web_id=&amp;sp=167<\/a><\/p>\t\t\t\t\t\t<\/div>\n\t\t\t\t<\/div>\n\t\t        <\/div>\r\n        <\/div>\r\n        \t\t        <\/div>\r\n        <\/section>\r\n\t\t\t\t\t\t\t<\/div>","protected":false},"excerpt":{"rendered":"<p>V\u00e9rnyom\u00e1s, v\u00e9rcukor \u00e9s a koleszterinszint, avagy az eg\u00e9szs\u00e9g h\u00e1rom legfontosabb \u00e9rt\u00e9km\u00e9r\u0151je.<\/p>","protected":false},"author":1,"featured_media":14506,"comment_status":"closed","ping_status":"closed","sticky":false,"template":"","format":"standard","meta":{"footnotes":""},"categories":[1],"tags":[],"_links":{"self":[{"href":"https:\/\/promedicalcenter.ro\/hu\/wp-json\/wp\/v2\/posts\/14487"}],"collection":[{"href":"https:\/\/promedicalcenter.ro\/hu\/wp-json\/wp\/v2\/posts"}],"about":[{"href":"https:\/\/promedicalcenter.ro\/hu\/wp-json\/wp\/v2\/types\/post"}],"author":[{"embeddable":true,"href":"https:\/\/promedicalcenter.ro\/hu\/wp-json\/wp\/v2\/users\/1"}],"replies":[{"embeddable":true,"href":"https:\/\/promedicalcenter.ro\/hu\/wp-json\/wp\/v2\/comments?post=14487"}],"version-history":[{"count":0,"href":"https:\/\/promedicalcenter.ro\/hu\/wp-json\/wp\/v2\/posts\/14487\/revisions"}],"wp:featuredmedia":[{"embeddable":true,"href":"https:\/\/promedicalcenter.ro\/hu\/wp-json\/wp\/v2\/media\/14506"}],"wp:attachment":[{"href":"https:\/\/promedicalcenter.ro\/hu\/wp-json\/wp\/v2\/media?parent=14487"}],"wp:term":[{"taxonomy":"category","embeddable":true,"href":"https:\/\/promedicalcenter.ro\/hu\/wp-json\/wp\/v2\/categories?post=14487"},{"taxonomy":"post_tag","embeddable":true,"href":"https:\/\/promedicalcenter.ro\/hu\/wp-json\/wp\/v2\/tags?post=14487"}],"curies":[{"name":"wp","href":"https:\/\/api.w.org\/{rel}","templated":true}]}}