{"id":77,"date":"2020-07-30T09:10:59","date_gmt":"2020-07-30T07:10:59","guid":{"rendered":"https:\/\/demo.cmssuperheroes.com\/themeforest\/koira\/?p=77"},"modified":"2023-11-19T18:24:26","modified_gmt":"2023-11-19T17:24:26","slug":"cancerul-de-san","status":"publish","type":"post","link":"https:\/\/promedicalcenter.ro\/hu\/cancerul-de-san\/","title":{"rendered":"Eml\u0151r\u00e1k"},"content":{"rendered":"<div data-elementor-type=\"wp-post\" data-elementor-id=\"77\" class=\"elementor elementor-77\">\n\t\t\t\t\t\t\t        <section class=\"elementor-section elementor-top-section elementor-element elementor-element-12a8fcc post elementor-section-boxed elementor-section-height-default elementor-section-height-default\" data-id=\"12a8fcc\" data-element_type=\"section\" data-no-translation=\"\">\r\n\t\t\r\n\t\t        <div class=\"elementor-container elementor-column-gap-default\" >\r\n\t\t        <div class=\"elementor-column elementor-col-100 elementor-top-column elementor-element elementor-element-ef03ff0\" data-id=\"ef03ff0\" data-element_type=\"column\">\r\n        <div class=\"elementor-widget-wrap elementor-element-populated\">\r\n                        \t\t<div class=\"elementor-element elementor-element-3d64a69 elementor-widget elementor-widget-text-editor\" data-id=\"3d64a69\" data-element_type=\"widget\" data-widget_type=\"text-editor.default\">\n\t\t\t\t<div class=\"elementor-widget-container\">\n\t\t\t\t\t\t\t<p>Az eml\u0151r\u00e1k daganatok akkor alakulnak ki, amikor az eml\u0151sejtek mut\u00e1l\u00f3dnak \u00e9s n\u00f6vekednek.<\/p><p><img decoding=\"async\" class=\"alignnone size-full wp-image-14440\" src=\"https:\/\/promedicalcenter.ro\/wp-content\/uploads\/2023\/11\/mellrak.png\" alt=\"\" width=\"405\" height=\"451\" srcset=\"https:\/\/promedicalcenter.ro\/wp-content\/uploads\/2023\/11\/mellrak.png 405w, https:\/\/promedicalcenter.ro\/wp-content\/uploads\/2023\/11\/mellrak-269x300.png 269w, https:\/\/promedicalcenter.ro\/wp-content\/uploads\/2023\/11\/mellrak-11x12.png 11w\" sizes=\"(max-width: 405px) 100vw, 405px\" \/><\/p><h4>Mi az eml\u0151r\u00e1k?<\/h4><p>Eml\u0151r\u00e1knak h\u00edvjuk a r\u00e1kos megbeteged\u00e9sek azon fajt\u00e1it, amelyek a mellsz\u00f6vetben alaklulnak ki. Ez akkor fordul el\u0151, amikor az eml\u0151sejtek mut\u00e1l\u00f3dnak (megv\u00e1ltoznak) \u00e9s kontroll\u00e1latlanul el kezdenek megn\u0151ni, l\u00e9trehozva a daganatot, azaz a tumort. M\u00e1s r\u00e1kos megbeteged\u00e9sekhez hasonl\u00f3an az eml\u0151r\u00e1k is behatolhat a mellet k\u00f6r\u00fclvev\u0151 sz\u00f6vetekbe, s\u0151t, a r\u00e1kos sejtek a test m\u00e1s r\u00e9szeibe is eljuthatnak \u00e9s \u00faj daganatokat k\u00e9pezhetnek. Ezt h\u00edvjuk metaszt\u00e1zisnak.<\/p><h4>Kit \u00e9rint els\u0151sorban a mellr\u00e1k?<\/h4><p>B\u00e1r az eml\u0151r\u00e1k az egyik leggyakoribb daganatos megbeteged\u00e9s a n\u0151k k\u00f6r\u00e9ben (a b\u0151rr\u00e1k ut\u00e1n a m\u00e1sodik helyen \u00e1ll) \u00e9s legink\u00e1bb 50 \u00e9v felett diagnosztiz\u00e1lj\u00e1k, jelenleg m\u00e9gis ez a r\u00e1kfajta a legink\u00e1bb gy\u00f3gy\u00edthat\u00f3, k\u00fcl\u00f6n\u00f6sen, ha id\u0151ben \u00e9szlelik.<\/p><p>B\u00e1r a f\u00e9rfiak k\u00f6r\u00e9ben ritka, de a mellr\u00e1k \u0151ket is \u00e9rintheti, sokkal gyorsabb \u00e9s rosszabb lefoly\u00e1ssal.<\/p><h4>Milyen gyakori a mellr\u00e1k?<\/h4><p>Az Egyes\u00fclt \u00c1llamokban p\u00e9ld\u00e1ul a mellr\u00e1k a t\u00fcd\u0151r\u00e1k ut\u00e1n a m\u00e1sodik vezet\u0151 hal\u00e1lok a n\u0151k k\u00f6r\u00e9ben. A 35 \u00e9s 54 \u00e9v k\u00f6z\u00f6tti n\u0151k daganatos hal\u00e1loz\u00e1s\u00e1nak vezet\u0151 oka is. A mellr\u00e1k az egyik leggyakoribb daganatos megbeteged\u00e9s Magyarorsz\u00e1gon is. \u00c9vente hozz\u00e1vet\u0151leg 5-6000 \u00faj eml\u0151r\u00e1kos beteget regisztr\u00e1lnak \u00e9s a betegs\u00e9g k\u00f6r\u00fclbel\u00fcl 2000 n\u0151 hal\u00e1l\u00e1t okozza. Vagyis szinte minden 10. n\u0151n\u00e9l kialakul ez a betegs\u00e9g \u00e9lete sor\u00e1n. Ezek az eredm\u00e9nyek mindenk\u00e9ppen ijeszt\u0151nek t\u0171nnek annak f\u00e9ny\u00e9ben, amit kor\u00e1bban \u00edrtunk, miszerint jelenleg ez a legink\u00e1bb gy\u00f3gy\u00edthat\u00f3 r\u00e1kos megbeteged\u00e9s, f\u0151leg az ultrahangos vagy mammogr\u00e1fi\u00e1s vizsg\u00e1latok seg\u00edts\u00e9g\u00e9vel.<\/p><h4>Mik a mellr\u00e1k korai jelei?<\/h4><p>A mellr\u00e1k t\u00fcnetei szem\u00e9lyenk\u00e9nt elt\u00e9r\u0151ek lehetnek. Az eml\u0151r\u00e1k lehets\u00e9ges jelei a k\u00f6vetkez\u0151k:<\/p><ul><li aria-level=\"1\">A mell m\u00e9ret\u00e9nek, alakj\u00e1nak vagy kont\u00farj\u00e1nak megv\u00e1ltoz\u00e1sa.<\/li><li aria-level=\"1\">Duzzanat vagy csom\u00f3, amely olyan kicsinek t\u0171nhet, mint a bors\u00f3.<\/li><li aria-level=\"1\">Csom\u00f3 vagy megvastagod\u00e1s a mellben vagy a h\u00f3naljban, amely a menstru\u00e1ci\u00f3s cikluson kereszt\u00fcl v\u00e9gig fennmarad.<\/li><li aria-level=\"1\">A mell vagy a mellbimb\u00f3 b\u0151rfel\u00fclet\u00e9nek, kin\u00e9zet\u00e9nek vagy tapint\u00e1s\u00e1nak megv\u00e1ltoz\u00e1sa (g\u00f6dr\u00f6csk\u00e9s, r\u00e1ncos, pikkelyes vagy gyulladt).<\/li><li aria-level=\"1\">B\u0151rp\u00edr a mellen vagy a mellbimb\u00f3n.<\/li><li aria-level=\"1\">Egy olyan ter\u00fclet, amely hat\u00e1rozottan k\u00fcl\u00f6nb\u00f6zik a mell b\u00e1rmely m\u00e1s ter\u00fclet\u00e9t\u0151l.<\/li><li aria-level=\"1\">\u201cM\u00e1rv\u00e1nyszer\u0171\u201d megkem\u00e9nyedett ter\u00fclet a b\u0151re alatt.<\/li><li aria-level=\"1\">V\u00e9rfoltos vagy tiszta folyad\u00e9kfoly\u00e1s a mellbimb\u00f3j\u00e1b\u00f3l.<\/li><\/ul><h4>\u00a0<\/h4><p>Vannak, akik egy\u00e1ltal\u00e1n nem veszik \u00e9szre a mellr\u00e1k jeleit. Ez\u00e9rt olyan fontosak a rutin mammogr\u00e1fi\u00e1s vizsg\u00e1latok.<\/p><h4>Mi okozza a mellr\u00e1kot?<\/h4><p>A szak\u00e9rt\u0151k nem tudj\u00e1k pontosan, mi okozza, ind\u00edtja el ezt a folyamatot. A kutat\u00e1sok azonban azt mutatj\u00e1k, hogy sz\u00e1mos kock\u00e1zati t\u00e9nyez\u0151 n\u00f6velheti a mellr\u00e1k kialakul\u00e1s\u00e1nak es\u00e9ly\u00e9t:<\/p><ul><li aria-level=\"1\">55 \u00e9v felett\u00a0 megn\u0151 a mellr\u00e1k kock\u00e1zata.<\/li><li aria-level=\"1\">A n\u0151kn\u00e9l sokkal nagyobb val\u00f3sz\u00edn\u0171s\u00e9ggel alakul ki mellr\u00e1k, mint a f\u00e9rfiakn\u00e1l.<\/li><li aria-level=\"1\">A csal\u00e1dt\u00f6rt\u00e9net \u00e9s az \u00f6r\u00f6k\u00f6lt genetika is sz\u00e1m\u00edt. Ha a sz\u00fcl\u0151k, testv\u00e9rek, vagy m\u00e1s k\u00f6zeli hozz\u00e1tartoz\u00f3k k\u00f6r\u00e9ben eml\u0151r\u00e1kot diagnosztiz\u00e1ltak, nagyobb val\u00f3sz\u00edn\u0171s\u00e9ggel alakulhat ki a betegs\u00e9g, megn\u0151 a kock\u00e1zat az \u00d6n eset\u00e9ben is. A mellr\u00e1kos megbeteged\u00e9sek k\u00f6r\u00fclbel\u00fcl 5-10%-a egyetlen k\u00f3ros g\u00e9nnek a k\u00f6vetkezm\u00e9nye, amelyeket a sz\u00fcl\u0151kt\u0151l \u00f6r\u00f6k\u00f6l\u00fcnk \u00e9s amelyeket genetikai vizsg\u00e1lattal lehet felfedezni (Genetic screening) (megjegyz\u00e9s: hiper link).<\/li><li aria-level=\"1\">Doh\u00e1nyz\u00e1s. A doh\u00e1nyz\u00e1st sz\u00e1mos k\u00fcl\u00f6nb\u00f6z\u0151 t\u00edpus\u00fa r\u00e1k rizik\u00f3faktorak\u00e9nt neves\u00edtik, bele\u00e9rtve a mellr\u00e1kot is.<\/li><li aria-level=\"1\">Alkoholfogyaszt\u00e1s: A kutat\u00e1sok azt mutatj\u00e1k, hogy az alkoholfogyaszt\u00e1s n\u00f6velheti bizonyos t\u00edpus\u00fa mellr\u00e1k kialakul\u00e1s\u00e1nak kock\u00e1zat\u00e1t.<\/li><li aria-level=\"1\">Elh\u00edzotts\u00e1g: Az elh\u00edz\u00e1s n\u00f6velheti a mellr\u00e1k \u00e9s a mellr\u00e1k ki\u00fajul\u00e1s\u00e1nak kock\u00e1zat\u00e1t.<\/li><li aria-level=\"1\">Sug\u00e1rterhel\u00e9s: Ha kor\u00e1bban sug\u00e1rkezel\u00e9sben r\u00e9szes\u00fclt \u2013 k\u00fcl\u00f6n\u00f6sen a fej\u00e9t, a nyak\u00e1t vagy a mellkas\u00e1t \u00e9rinti \u2013, nagyobb val\u00f3sz\u00edn\u0171s\u00e9ggel alakul ki mellr\u00e1k.<\/li><li aria-level=\"1\">Hormonp\u00f3tl\u00f3 ter\u00e1pia: A hormonp\u00f3tl\u00f3 ter\u00e1pi\u00e1n (HRT) \u00e1tesett emberekn\u00e9l nagyobb a kock\u00e1zata annak, hogy mellr\u00e1kot diagnosztiz\u00e1lnak.<\/li><\/ul><p>Javasoljuk, hogy forduljon a Pro Medicalhoz, hogy megtudja, vesz\u00e9lyben van-e.<\/p><h4>MEGEL\u0150Z\u00c9S<\/h4><h4>Hogyan lehetek biztos abban, hogy a r\u00e1kos megbeteged\u00e9st m\u00e9g azel\u0151tt felfedezik, hogy m\u00e9g nem terjedt volna?<\/h4><p>Noha nem lehet azt megakad\u00e1lyozni, hogy kialakuljon egy r\u00e1kos megbeteged\u00e9s, sz\u00e1mtalan dolgot tehet annak \u00e9rdek\u00e9ben, hogy cs\u00f6kkentse annak kock\u00e1zat\u00e1t, hogy egy el\u0151rehaladott st\u00e1diumban fedezze fel a r\u00e1kos megbeteged\u00e9st.\u00a0<\/p><ul><li aria-level=\"1\">Menjen el rutinszer\u0171en ultrahangos vagy mammogr\u00e1fi\u00e1s vizsg\u00e1latra: egy\u00e9rtelm\u0171en javasolt, hogy 35 \u00e9ves korban v\u00e9gezzenek el egy kiindul\u00e1si ultrahang vagy mammogr\u00e1fi\u00e1s vizsg\u00e1latot \u00e9s 40 \u00e9ves kor ut\u00e1n minden \u00e9vben ism\u00e9telj\u00e9k a sz\u0171r\u00e9st.<\/li><li aria-level=\"1\">20 \u00e9ves kor ut\u00e1n minden h\u00f3napban vizsg\u00e1lja meg melleit. Megismerheti mellei k\u00f6rvonalait \u00e9s tapint\u00e1s\u00e1t \u00e9s figyelmesebb lesz a v\u00e1ltoz\u00e1sokra.<\/li><li aria-level=\"1\">20 \u00e9ves kor ut\u00e1n legal\u00e1bb h\u00e1rom\u00e9vente, 40 \u00e9ves kor ut\u00e1n pedig \u00e9vente vizsg\u00e1ltassa meg melleit szakemberrel.<\/li><\/ul><h4>DIAGNOSZTIKA \u00c9S VIZSG\u00c1LATOK<\/h4><h4>Hogyan diagnosztiz\u00e1lj\u00e1k a mellr\u00e1kot?<\/h4><p>Els\u0151sorban \u00d6n az, aki rendszeresen ellen\u0151rizheti a mell\u00e9t \u00e9s veheti \u00e9szre a rendellenes elv\u00e1ltoz\u00e1sokat.<\/p><p>Annak \u00e9rdek\u00e9ben, hogy k\u00f6nnyen felismerhesse a t\u00fcneteket, az al\u00e1bbiakban felsoroljuk a leggyakoribbakat:<\/p><ul><li aria-level=\"1\">A rendellenes v\u00e1ltoz\u00e1sok a b\u0151r\u00f6n a mellen vagy annak k\u00f6rny\u00e9k\u00e9n: r\u00e1ncosod\u00e1s. A mellben l\u00e9v\u0151 csom\u00f3 a k\u00f6t\u0151sz\u00f6veti rostok megr\u00f6vid\u00fcl\u00e9s\u00e9t okozza, ami a b\u0151r \u00f6sszeh\u00faz\u00f3d\u00e1s\u00e1t vonja mag\u00e1val \u00e9 sez okozhatja a r\u00e1ncos vagy horpadt megjelen\u00e9st.\u00a0<\/li><li aria-level=\"1\">A b\u0151r felsz\u00edn\u00e9nek v\u00e1ltoz\u00e1sai a mellen vagy annak k\u00f6rny\u00e9k\u00e9n: Cellulit. A mell b\u0151r\u00e9n l\u00e9v\u0151 kis bem\u00e9lyed\u00e9sek a mell nyirokereinek elz\u00e1r\u00f3d\u00e1s\u00e1ra utalhatnak. Ez gyullad\u00e1st \u00e9s duzzanatot okoz a mellsz\u00f6vetben, aminek k\u00f6vetkezt\u00e9ben a b\u0151r nagyobb fel\u00fclet\u00e9n kis g\u00f6dr\u00f6k k\u00e9pz\u0151dnek, amelyek \u00fagy n\u00e9znek ki, mint a \u201cnarancsh\u00e9j\u201d. Egyes esetekben ez a v\u00e1ltoz\u00e1s egyfajta eml\u0151r\u00e1k, gyullad\u00e1sos eml\u0151daganat t\u00fcnete lehet.<\/li><li aria-level=\"1\">A l\u00e1that\u00f3 erek a mell felsz\u00edn\u00e9n \u00e9relz\u00e1r\u00f3d\u00e1sra utalhatnak, ami r\u00e1kos csom\u00f3ra vagy az eml\u0151daganat n\u00f6veked\u00e9s\u00e9vel \u00f6sszef\u00fcgg\u0151 fokozott v\u00e9rell\u00e1t\u00e1sra utalhatnak.<\/li><li aria-level=\"1\">Ekc\u00e9maszer\u0171 ki\u00fct\u00e9s vagy b\u0151rp\u00edr a mellbimb\u00f3n vagy annak k\u00f6rny\u00e9k\u00e9n. Ez a mellr\u00e1k nagyon ritka t\u00fcnete. Egyes esetekben a mellr\u00e1khoz kapcsol\u00f3d\u00f3 betegs\u00e9ghez, a Paget-k\u00f3rhoz t\u00e1rsul.<\/li><li aria-level=\"1\">A mellbimb\u00f3 befordul\u00e1sa vagy helyzet\u00e9nek \u00e9s alakj\u00e1nak megv\u00e1ltoz\u00e1sa. A tart\u00f3san befordult mellbimb\u00f3 m\u00f6g\u00f6tt r\u00e1kos csom\u00f3 lehet, amely beh\u00fazza azt.<\/li><li aria-level=\"1\">A mellbimb\u00f3 sziv\u00e1rg\u00e1sa an\u00e9lk\u00fcl, hogy megnyomn\u00e1 vagy \u00f6sszenyomn\u00e1. Ez arra utalhat, hogy a mellbimb\u00f3 m\u00f6g\u00f6tti apr\u00f3 tejcsatorn\u00e1k r\u00e1kos sejtekkel vannak k\u00f6rbev\u00e9ve.<\/li><li aria-level=\"1\">A feszesebb tapint\u00e1s\u00fa mellsz\u00f6vet utalhat a tejtermel\u0151 mirigyben kialakult csom\u00f3ra, de jelezheti a nyirokerek elz\u00e1r\u00f3d\u00e1s\u00e1t is.<\/li><li aria-level=\"1\">Duzzanat a h\u00f3naljban, a nyirokcsom\u00f3ban kialakul\u00f3 csom\u00f3ra utalhat. N\u00e9ha a h\u00f3naljban l\u00e9v\u0151 csom\u00f3 jobban \u00e9szrevehet\u0151 \u00e9s k\u00f6nnyebben \u00e9szrevehet\u0151, mint a mellben.<\/li><\/ul><p>Klinik\u00e1nkon elv\u00e9gezz\u00fck az eml\u0151vizsg\u00e1latot, \u00e1tbesz\u00e9lj\u00fck az \u00f6n csal\u00e1dt\u00f6rt\u00e9net\u00e9t, k\u00f3rt\u00f6rt\u00e9net\u00e9t \u00e9s a megl\u00e9v\u0151 t\u00fcneteket. A Pro Medical Klinik\u00e1n lehet\u0151s\u00e9g van a genetikai sz\u0171r\u0151 vizsg\u00e1lat elv\u00e9gz\u00e9s\u00e9re is, aminek a seg\u00edts\u00e9g\u00e9vel fel tudjuk der\u00edteni az \u00f6r\u00f6kl\u00f6tt genetikai determin\u00e1ci\u00f3it egyes megbeteged\u00e9sekre. Szint\u00e9n javasolt a m\u0171szeres vizsg\u00e1latok elv\u00e9gz\u00e9se, az eml\u0151 esetleges rendelleness\u00e9geinek az ellen\u0151rz\u00e9se.\u00a0<\/p><h4>A k\u00f6vetkez\u0151 m\u0171szeres vizsg\u00e1latokkal lehet a mellr\u00e1kot sz\u0171rni:<\/h4><ul><li aria-level=\"1\">Mammogram: Ezek a speci\u00e1lis r\u00f6ntgenfelv\u00e9telek kimutathatj\u00e1k a mell v\u00e1ltoz\u00e1sait vagy rendellenes n\u00f6veked\u00e9s\u00e9t. A mammogr\u00e1fi\u00e1t gyakran haszn\u00e1lj\u00e1k az eml\u0151r\u00e1k megel\u0151z\u00e9s\u00e9re.<\/li><li aria-level=\"1\">Ultrahangvizsg\u00e1lat: Ez a teszt hanghull\u00e1mokat haszn\u00e1l a mell belsej\u00e9ben l\u00e9v\u0151 sz\u00f6vetek felv\u00e9tel\u00e9hez. A mellcsom\u00f3k vagy rendelleness\u00e9gek diagnosztiz\u00e1l\u00e1s\u00e1ra haszn\u00e1lj\u00e1k.<\/li><li aria-level=\"1\">Pozitron emisszi\u00f3s tomogr\u00e1fia (PET) szkennel\u00e9s: A PET-vizsg\u00e1lat speci\u00e1lis kontrasztanyagot haszn\u00e1l a gyan\u00fas ter\u00fcletek kiemel\u00e9s\u00e9re. A vizsg\u00e1lat sor\u00e1n speci\u00e1lis anyaggal sz\u00ednezik meg az ereket \u00e9s k\u00e9peket k\u00e9sz\u00edtenek egy szkennerrel.<\/li><li aria-level=\"1\">M\u00e1gneses rezonancia k\u00e9palkot\u00e1s (MRI): Ez a vizsg\u00e1lat a m\u00e1gnes \u00e9s a r\u00e1di\u00f3hull\u00e1m seg\u00edts\u00e9g\u00e9vel tiszta, r\u00e9szletes k\u00e9pek alkot a mell belsej\u00e9ben l\u00e9v\u0151 sz\u00f6vetek szerkezet\u00e9r\u0151l.<\/li><\/ul><p>Ahhoz, hogy el tudjuk d\u00f6nteni, hogy \u00f6nnek az ultrahang vagy a mammogr\u00e1fi\u00e1s vizsg\u00e1lat a megfelel\u0151 v\u00e1laszt\u00e1s, figyelembe kell venni az eg\u00e9szs\u00e9gi \u00e1llapot\u00e1t, a csal\u00e1dt\u00f6rt\u00e9net\u00e9t, a vizsg\u00e1lat ok\u00e1t, valamint azt, hogy az egyes lehet\u0151s\u00e9gek er\u0151ss\u00e9gei \u00e9s gyenges\u00e9gei hogyan befoly\u00e1solhatj\u00e1k az eredm\u00e9nyt az \u00f6n eset\u00e9ben.<\/p><h4>Mammogram<\/h4><ul><li aria-level=\"1\">Kis mennyis\u00e9g\u0171 sug\u00e1rz\u00e1st haszn\u00e1l.<\/li><li aria-level=\"1\">Nem tud k\u00fcl\u00f6nbs\u00e9get tenni a ciszta \u00e9s a s\u0171r\u00fcbb duzzanat k\u00f6z\u00f6tt.<\/li><li aria-level=\"1\">Nem megfelel\u0151en mutatja ki a rendelleness\u00e9geket s\u0171r\u0171 mellsz\u00f6vettel rendelkez\u0151 emberekn\u00e9l.<\/li><li aria-level=\"1\">J\u00f3 a meszesed\u00e9s \u00e9szlel\u00e9s\u00e9ben.<\/li><li aria-level=\"1\">K\u00fcl\u00f6nb\u00f6z\u0151 n\u00e9zetekb\u0151l elv\u00e9gezhet\u0151 felv\u00e9telek lehet\u0151v\u00e9 teszik a radiol\u00f3gus sz\u00e1m\u00e1ra, hogy a teljes mellet vizsg\u00e1lhassa.<\/li><li aria-level=\"1\">A mell belsej\u00e9ben is k\u00e9pes gyan\u00fas ter\u00fcletek megtal\u00e1l\u00e1s\u00e1ra.<\/li><li aria-level=\"1\">Alkalmas a h\u00f3nalj nyirokcsom\u00f3 vizsg\u00e1latra.<\/li><li aria-level=\"1\">Jellemz\u0151en eml\u0151r\u00e1ksz\u0171r\u00e9sre haszn\u00e1lj\u00e1k.<\/li><\/ul><h4>Ultrahang<\/h4><ul><li aria-level=\"1\">Nem haszn\u00e1l sug\u00e1rz\u00e1st<\/li><li aria-level=\"1\">Jobb el\u00e9rhet\u0151s\u00e9g a mammogr\u00e1fi\u00e1hoz k\u00e9pest<\/li><li aria-level=\"1\">Seg\u00edthet megk\u00fcl\u00f6nb\u00f6ztetni a s\u0171r\u00fcbb duzzanatot \u00e9s a ciszt\u00e1kat<\/li><li aria-level=\"1\">Jobban \u00e9szleli a rendelleness\u00e9geket s\u0171r\u0171 mellsz\u00f6vettel rendelkez\u0151 emberekn\u00e9l<\/li><li aria-level=\"1\">Sokkal kev\u00e9sb\u00e9 hat\u00e9kony a meszesed\u00e9s megtal\u00e1l\u00e1s\u00e1ban<\/li><li aria-level=\"1\">A teljes mell nem l\u00e1that\u00f3<\/li><li aria-level=\"1\">A m\u00e9ly mellsz\u00f6vet nem l\u00e1that\u00f3<\/li><li aria-level=\"1\">A h\u00f3nalj nyirokcsom\u00f3i nem l\u00e1that\u00f3k<\/li><li aria-level=\"1\">Jellemz\u0151en a sz\u0171r\u00e9s sor\u00e1n tal\u00e1lt rendelleness\u00e9gek tov\u00e1bbi diagnosztiz\u00e1l\u00e1s\u00e1ra haszn\u00e1lj\u00e1k<\/li><\/ul><h4>Eml\u0151sz\u00f6vet s\u0171r\u0171s\u00e9g<\/h4><p>A s\u0171r\u0171 eml\u0151sz\u00f6vet megnehez\u00edti a mellr\u00e1k megtal\u00e1l\u00e1s\u00e1t \u00e9s n\u00f6velik a mellr\u00e1k kialakul\u00e1s\u00e1nak kock\u00e1zat\u00e1t. \u00c9rintetts\u00e9g eset\u00e9ben \u00e9rdemes t\u00f6bb vizsg\u00e1latot elv\u00e9gezni.\u00a0 A mammogr\u00e1fia mellett ultrahanggal vagy esetleg MRI-vel jav\u00edthatja a mellr\u00e1ksz\u0171r\u00e9s pontoss\u00e1g\u00e1t.<\/p><p>Ha b\u00e1rmi gyan\u00fasat l\u00e1tunk a k\u00e9palkot\u00f3 vizsg\u00e1latok sor\u00e1n, a k\u00f6vetkez\u0151 l\u00e9p\u00e9s a sz\u00f6vet biopszia, amikor is a mint\u00e1t egy laborban elemezz\u00fck ki.<\/p><h4>LEHET\u0150S\u00c9GEK \/ PROGN\u00d3ZIS<\/h4><h4>Mire sz\u00e1m\u00edthatok, ha mellr\u00e1kom van?<\/h4><p>Ha mellr\u00e1kot diagnosztiz\u00e1ltak \u00f6nn\u00e9l, az eg\u00e9szs\u00e9g\u00fcgyi szolg\u00e1ltat\u00f3 r\u00e9szletesen megbesz\u00e9li \u00f6nnel a kezel\u00e9si lehet\u0151s\u00e9geket. A kezel\u00e9s \u00e9s a gy\u00f3gyul\u00e1s mindenkin\u00e9l m\u00e1s \u00e9s m\u00e1s, \u00edgy meg tudj\u00e1k mondani, hogy \u00f6n mire sz\u00e1m\u00edthat ebben a helyzetben.<\/p><h4>A mellr\u00e1k hal\u00e1los?<\/h4><p>A korai st\u00e1diumban felfedezett eml\u0151r\u00e1k t\u00f6bbnyire sikeresen kezelhet\u0151. Val\u00f3j\u00e1ban a legt\u00f6bb ember, akin\u00e9l mellr\u00e1kot diagnosztiz\u00e1ltak, hossz\u00fa, teljes \u00e9letet \u00e9l. A k\u00e9s\u0151i st\u00e1dium\u00fa eml\u0151r\u00e1k kezel\u00e9se azonban nehezebb feladat \u00e9s bizony v\u00e9gzetes is lehet.<\/p><h4>Mennyi a t\u00fal\u00e9l\u00e9si ar\u00e1ny az eml\u0151r\u00e1k eset\u00e9ben?<\/h4><p>Az eml\u0151r\u00e1k teljes \u00f6t\u00e9ves t\u00fal\u00e9l\u00e9si ar\u00e1nya 90%. Ez azt jelenti, hogy a betegs\u00e9ggel diagnosztiz\u00e1lt emberek 90%-a m\u00e9g \u00f6t \u00e9v eltelt\u00e9vel is \u00e9letben van. A k\u00f6zeli ter\u00fcletekre \u00e1tterjedt eml\u0151r\u00e1k \u00f6t\u00e9ves t\u00fal\u00e9l\u00e9si ar\u00e1nya 86%, m\u00edg az \u00e1tt\u00e9tes eml\u0151r\u00e1k \u00f6t\u00e9ves t\u00fal\u00e9l\u00e9si ar\u00e1nya 28%. Szerencs\u00e9re a mellr\u00e1k t\u00fal\u00e9l\u00e9si ar\u00e1nya javul, ahogy egyre t\u00f6bbet tudunk meg a betegs\u00e9gr\u0151l \u00e9s \u00faj \u00e9s jobb kezel\u00e9si m\u00f3dszereket dolgozunk ki. Ne feledje, hogy a t\u00fal\u00e9l\u00e9si ar\u00e1nyok csak becsl\u00e9sek. A kezel\u00e9s siker\u00e9t nem tudjuk megmondani, \u00e9s azt sem, hogy \u00d6n meddig fog \u00e9lni.\u00a0<\/p><h4>Mikor forduljak doktorhoz?<\/h4><p>Az \u00f6nvizsg\u00e1lat \u00e9s a rutinszer\u0171 m\u0171szeres vizsg\u00e1lat mellett azonnal vegye fel a kapcsolatot szakemberrel, ha b\u00e1rmilyen v\u00e1ltoz\u00e1st \u00e9szlel a melleiben.<\/p><h4>Milyen k\u00e9rd\u00e9seket tegyek fel a szakembernek?<\/h4><p>Tudjon meg mindent a diagn\u00f3zis\u00e1r\u00f3l, \u00edgy tud cask megalapozott d\u00f6nt\u00e9seket hozni. \u00cdme n\u00e9h\u00e1ny k\u00e9rd\u00e9s, amit feltehet egy szakembernek:<\/p><ul><li aria-level=\"1\">Hol tal\u00e1lhat\u00f3 a daganat?<\/li><li aria-level=\"1\">Elterjedt a daganat?<\/li><li aria-level=\"1\">Milyen st\u00e1dium\u00fa mellr\u00e1kom van?<\/li><li aria-level=\"1\">Mit mutat az \u00f6sztrog\u00e9n receptor (ER), progeszteron receptor (PR) \u00e9s HER2 teszt \u00e9s mit jelent ez sz\u00e1momra?<\/li><li aria-level=\"1\">Milyen kezel\u00e9si lehet\u0151s\u00e9geim vannak?<\/li><li aria-level=\"1\">Sz\u00f3ba j\u00f6het a mellr\u00e1k m\u0171t\u00e9t?<\/li><li aria-level=\"1\">Tudok dolgozni a kezel\u00e9s alatt?<\/li><li aria-level=\"1\">Mennyi ideig tart a kezel\u00e9sem?<\/li><li aria-level=\"1\">Milyen egy\u00e9b lehet\u0151s\u00e9gek \u00e1llnak rendelkez\u00e9semre?<\/li><\/ul><h4>Melyek a mellr\u00e1k st\u00e1diumai?<\/h4><p>A szakaszol\u00e1s seg\u00edt le\u00edrni, hogy milyen szint\u0171 r\u00e1kos megbeteged\u00e9ssel \u00e1llunk szemben. Ezt sz\u00e1mos t\u00e9nyez\u0151 hat\u00e1rozza meg, bele\u00e9rtve a daganat m\u00e9ret\u00e9t, elhelyezked\u00e9s\u00e9t, valamint azt, hogy a r\u00e1k \u00e1tterjedt-e a test m\u00e1s ter\u00fcleteire.\u00a0<\/p><p>Az eml\u0151r\u00e1k alapvet\u0151 st\u00e1diumai a k\u00f6vetkez\u0151k:<\/p><p><span style=\"color: var( --e-global-color-text ); font-family: inherit; font-weight: inherit; letter-spacing: 0px;\">0. st\u00e1dium: A betegs\u00e9g nem invaz\u00edv. Ez azt jelenti, hogy nem t\u00f6rt ki a mellcsatorn\u00e1ib\u00f3l.<\/span><\/p><p><span style=\"color: var( --e-global-color-text ); font-family: inherit; font-weight: inherit; letter-spacing: 0px;\">1. st\u00e1dium: A r\u00e1kos sejtek \u00e1tterjedtek a k\u00f6zeli mellsz\u00f6vetre.<\/span><\/p><p><span style=\"color: var( --e-global-color-text ); font-family: inherit; font-weight: inherit; letter-spacing: 0px;\">2. st\u00e1dium: A daganat vagy kisebb, mint 2 centim\u00e9ter \u00e9s \u00e1tterjedt a h\u00f3nalj nyirokcsom\u00f3ira, vagy nagyobb, mint 5 centim\u00e9ter, de nem terjedt \u00e1t a h\u00f3nalj nyirokcsom\u00f3ira. A daganatok ebben a szakaszban teh\u00e1t 2-5 centim\u00e9ter \u00e1tm\u00e9r\u0151j\u0171ek lehetnek, b\u00e1rhol el\u0151fordulhatnak mellben \u00e9s ak\u00e1r hat\u00e1ssal lehetnek \u2013 de ez nem sz\u00fcks\u00e9gszer\u0171 &#8211; a k\u00f6zeli nyirokcsom\u00f3kra.\u00a0<\/span><\/p><p><span style=\"color: var( --e-global-color-text ); font-family: inherit; font-weight: inherit; letter-spacing: 0px;\">3.\u00a0<\/span><span style=\"color: var( --e-global-color-text ); font-family: inherit; font-weight: inherit; letter-spacing: 0px;\">st\u00e1dium: Ebben a szakaszban a r\u00e1k \u00e1tterjedt m\u00e1r a k\u00f6zeli sz\u00f6vetekre \u00e9s nyirokcsom\u00f3kra, de m\u00e9g nem terjedt el a t\u00e1voli szervekre. A III. st\u00e1diumot \u00e1ltal\u00e1ban lok\u00e1lisan el\u0151rehaladott eml\u0151r\u00e1knak nevezik\u00a0<\/span><\/p><p><span style=\"color: var( --e-global-color-text ); font-family: inherit; font-weight: inherit; letter-spacing: 0px;\">4.\u00a0<\/span><span style=\"color: var( --e-global-color-text ); font-family: inherit; font-weight: inherit; letter-spacing: 0px;\">st\u00e1dium: A r\u00e1k \u00e1tterjedt a mellt\u0151l t\u00e1vol es\u0151 ter\u00fcletekre, p\u00e9ld\u00e1ul a csontokra, a m\u00e1jra, a t\u00fcd\u0151re vagy az agyra. A IV. st\u00e1dium\u00fa eml\u0151r\u00e1kot metasztatikus eml\u0151r\u00e1knak is nevezik.<\/span><\/p><h4>A MELLR\u00c1K KEZEL\u00c9SE<\/h4><h4>Hogyan kezelik a mellr\u00e1kot?<\/h4><p>Sz\u00e1mos mellr\u00e1k kezel\u00e9si lehet\u0151s\u00e9g l\u00e9tezik, bele\u00e9rtve a m\u0171t\u00e9tet, a kemoter\u00e1pi\u00e1t, a sug\u00e1rter\u00e1pi\u00e1t, a hormonter\u00e1pi\u00e1t, az immunter\u00e1pi\u00e1t \u00e9s a c\u00e9lzott gy\u00f3gyszeres ter\u00e1pi\u00e1t. Az, hogy mi a megfelel\u0151 kezel\u00e9s, sz\u00e1mos t\u00e9nyez\u0151t\u0151l f\u00fcgg, bele\u00e9rtve a daganat elhelyezked\u00e9s\u00e9t \u00e9s m\u00e9ret\u00e9t, a laborat\u00f3riumi vizsg\u00e1latok eredm\u00e9nyeit \u00e9s azt, hogy a r\u00e1k \u00e1tterjedt-e a test m\u00e1s r\u00e9szeire. A szakemberek \u00e1ltal\u00e1ban a beteg egyedi ig\u00e9nyeit is figyelembe v\u00e9ve alak\u00edtj\u00e1k ki a kezel\u00e9si tervet. Nem ritka a k\u00fcl\u00f6nb\u00f6z\u0151 kezel\u00e9sek kombin\u00e1ci\u00f3ja sem.<\/p><h4>Mellr\u00e1k m\u0171t\u00e9t<\/h4><p>Az eml\u0151r\u00e1k m\u0171t\u00e9t sor\u00e1n elt\u00e1vol\u00edtj\u00e1k a mell r\u00e1kos r\u00e9sz\u00e9t \u00e9s a daganatot k\u00f6r\u00fclvev\u0151 sz\u00f6vet egy r\u00e9sz\u00e9t is. Betegs\u00e9gt\u0151l f\u00fcgg\u0151en k\u00fcl\u00f6nb\u00f6z\u0151 t\u00edpus\u00fa m\u0171t\u00e9tek l\u00e9teznek<\/p><h4>Kemoter\u00e1pia mellr\u00e1k kezel\u00e9s\u00e9re<\/h4><p>Javaslat lehet a mellr\u00e1k kemoter\u00e1pi\u00e1ja a lumpectomia el\u0151tt a daganat cs\u00f6kkent\u00e9se \u00e9rdek\u00e9ben. N\u00e9ha m\u0171t\u00e9t ut\u00e1n adj\u00e1k be, hogy elpuszt\u00edtsa a megmaradt r\u00e1kos sejteket, \u00e9s cs\u00f6kkentse a ki\u00fajul\u00e1s (visszat\u00e9r\u00e9s) kock\u00e1zat\u00e1t. Ha a r\u00e1k \u00e1tterjedt az eml\u0151n k\u00edv\u00fcl m\u00e1s testr\u00e9szekre is, akkor javasolhat\u00f3 a kemoter\u00e1pia els\u0151dleges kezel\u00e9sk\u00e9nt.<\/p><h4>Sug\u00e1rter\u00e1pia mellr\u00e1k kezel\u00e9s\u00e9re<\/h4><p>Az eml\u0151r\u00e1k sug\u00e1rter\u00e1pia \u00e1ltal\u00e1ban lumpectomia vagy mastectomia ut\u00e1n javasolt, a fennmarad\u00f3 r\u00e1kos sejtek elpuszt\u00edt\u00e1s\u00e1ra. Alkalmazhat\u00f3 egy\u00e9ni \u00e1tt\u00e9tes daganatok kezel\u00e9s\u00e9re is, amelyek f\u00e1jdalmat vagy egy\u00e9b probl\u00e9m\u00e1kat okoznak.<\/p><h4>Hormonter\u00e1pia mellr\u00e1k kezel\u00e9s\u00e9re<\/h4><p>Az eml\u0151r\u00e1k bizonyos t\u00edpusai hormonokat \u2013 p\u00e9ld\u00e1ul \u00f6sztrog\u00e9nt \u00e9s progeszteront \u2013 haszn\u00e1lnak a n\u00f6veked\u00e9shez. Ezekben az esetekben a hormonter\u00e1pia vagy cs\u00f6kkentheti az \u00f6sztrog\u00e9nszintet, vagy meg\u00e1ll\u00edthatja az \u00f6sztrog\u00e9n eml\u0151r\u00e1ksejtekhez val\u00f3 k\u00f6t\u0151d\u00e9s\u00e9t. Gyakori a hormonter\u00e1pia a m\u0171t\u00e9t ut\u00e1n, hogy cs\u00f6kkents\u00e9k a mellr\u00e1k ki\u00fajul\u00e1s\u00e1nak kock\u00e1zat\u00e1t. M\u0171t\u00e9t el\u0151tt is alkalmazhat\u00f3 ugyanakkor a daganat cs\u00f6kkent\u00e9s\u00e9re vagy a test m\u00e1s r\u00e9szeire \u00e1tterjedt r\u00e1k kezel\u00e9s\u00e9re.<\/p><h4>Immunter\u00e1pia mellr\u00e1k kezel\u00e9s\u00e9re<\/h4><p>Az immunter\u00e1pia a saj\u00e1t immunrendszer\u00fcnknek az erej\u00e9t haszn\u00e1lja fel a mellr\u00e1ksejtek megc\u00e9lz\u00e1s\u00e1ra \u00e9s megt\u00e1mad\u00e1s\u00e1ra. A kezel\u00e9st intrav\u00e9n\u00e1san (a kar vagy a k\u00e9z v\u00e9n\u00e1j\u00e1n kereszt\u00fcl) adj\u00e1k be. Az eml\u0151r\u00e1k immunter\u00e1pi\u00e1j\u00e1t kemoter\u00e1pi\u00e1val kombin\u00e1lva alkalmazhatjuk.<\/p><h4>C\u00e9lzott gy\u00f3gyszeres ter\u00e1pia mellr\u00e1k kezel\u00e9s\u00e9re<\/h4><p>Egyes gy\u00f3gyszeres kezel\u00e9sek olyan specifikus sejtjellemz\u0151ket c\u00e9lozhatnak meg, amelyek r\u00e1kot okoznak. C\u00e9lzott gy\u00f3gyszeres ter\u00e1pi\u00e1t javasolhatunk olyan esetekben, amikor az eml\u0151r\u00e1k \u00e1tterjedt a test m\u00e1s ter\u00fcleteire. A mellr\u00e1k kezel\u00e9s\u00e9ben leggyakrabban haszn\u00e1lt gy\u00f3gyszerek k\u00f6z\u00e9 tartoznak a monoklon\u00e1lis antitestek, az antitest-gy\u00f3gyszer konjug\u00e1tumok \u00e9s a kin\u00e1z inhibitorok.<\/p><h4>Megjegyz\u00e9s\u00fcnk:<\/h4><p>A mellr\u00e1k diagn\u00f3zisa ijeszt\u0151, frusztr\u00e1l\u00f3 \u00e9s m\u00e9g rem\u00e9nytelen is lehet. Ha \u00d6n vagy szerettei szembes\u00fclnek ezzel a betegs\u00e9ggel, fontos, hogy kihaszn\u00e1lj\u00e1k a rendelkez\u00e9sre \u00e1ll\u00f3 sz\u00e1mos lehet\u0151s\u00e9get. Besz\u00e9ljen szakemberrel a kezel\u00e9si lehet\u0151s\u00e9gekr\u0151l. D\u00f6nt\u00e9s el\u0151tt ak\u00e1r egy m\u00e1sodik v\u00e9lem\u00e9nyt is kik\u00e9rhet. El\u00e9gedettnek \u00e9s optimist\u00e1nak kell lennie a kezel\u00e9si terv\u00e9vel kapcsolatban.\u00a0<\/p><p>V\u00e9g\u00fcl egy helyi t\u00e1mogat\u00f3 csoporthoz val\u00f3 csatlakoz\u00e1s seg\u00edthet az elszigetelts\u00e9g \u00e9rz\u00e9s\u00e9nek enyh\u00edt\u00e9s\u00e9ben \u00e9s lehet\u0151v\u00e9 teszi, hogy besz\u00e9lgessen m\u00e1sokkal, akik ugyanezen a dolgokon mennek kereszt\u00fcl.<\/p><h4>Forr\u00e1s:<\/h4><ul><li>Verywellhealth, Serenity Mirabito RN, OCN eml\u0151 ultrahang kontra mammogr\u00e1fia: melyik a legjobb?<\/li><li>Cleveland Clinic<\/li><li>H\u00e1zipatika<\/li><\/ul>\t\t\t\t\t\t<\/div>\n\t\t\t\t<\/div>\n\t\t        <\/div>\r\n        <\/div>\r\n        \t\t        <\/div>\r\n        <\/section>\r\n\t\t\t\t\t\t\t<\/div>","protected":false},"excerpt":{"rendered":"<p>Az eml\u0151r\u00e1k daganatok akkor alakulnak ki, amikor az eml\u0151sejtek mut\u00e1l\u00f3dnak \u00e9s n\u00f6vekednek.<\/p>","protected":false},"author":1,"featured_media":14466,"comment_status":"closed","ping_status":"closed","sticky":false,"template":"","format":"standard","meta":{"footnotes":""},"categories":[1],"tags":[],"_links":{"self":[{"href":"https:\/\/promedicalcenter.ro\/hu\/wp-json\/wp\/v2\/posts\/77"}],"collection":[{"href":"https:\/\/promedicalcenter.ro\/hu\/wp-json\/wp\/v2\/posts"}],"about":[{"href":"https:\/\/promedicalcenter.ro\/hu\/wp-json\/wp\/v2\/types\/post"}],"author":[{"embeddable":true,"href":"https:\/\/promedicalcenter.ro\/hu\/wp-json\/wp\/v2\/users\/1"}],"replies":[{"embeddable":true,"href":"https:\/\/promedicalcenter.ro\/hu\/wp-json\/wp\/v2\/comments?post=77"}],"version-history":[{"count":0,"href":"https:\/\/promedicalcenter.ro\/hu\/wp-json\/wp\/v2\/posts\/77\/revisions"}],"wp:featuredmedia":[{"embeddable":true,"href":"https:\/\/promedicalcenter.ro\/hu\/wp-json\/wp\/v2\/media\/14466"}],"wp:attachment":[{"href":"https:\/\/promedicalcenter.ro\/hu\/wp-json\/wp\/v2\/media?parent=77"}],"wp:term":[{"taxonomy":"category","embeddable":true,"href":"https:\/\/promedicalcenter.ro\/hu\/wp-json\/wp\/v2\/categories?post=77"},{"taxonomy":"post_tag","embeddable":true,"href":"https:\/\/promedicalcenter.ro\/hu\/wp-json\/wp\/v2\/tags?post=77"}],"curies":[{"name":"wp","href":"https:\/\/api.w.org\/{rel}","templated":true}]}}